{"id":4797,"date":"2022-03-16T11:10:53","date_gmt":"2022-03-16T10:10:53","guid":{"rendered":"https:\/\/www.protezionecivilecalabria.it\/?p=4797"},"modified":"2022-03-22T13:46:23","modified_gmt":"2022-03-22T12:46:23","slug":"emergenza-ucraina-fortunato-varone-nominato-soggetto-attuatore-prima-riunione-dellunita-di-crisi-condivise-le-linee-guida-per-laccoglienza-dei-cittadini-ucraini-2","status":"publish","type":"post","link":"https:\/\/www.protezionecivilecalabria.it\/?p=4797","title":{"rendered":"EMERGENZA UCRAINA- Fortunato Varone nominato soggetto attuatore &#8211; Prima riunione dell&#8217;Unit\u00e0 di Crisi &#8211; Condivise le linee guida per l&#8217;accoglienza dei cittadini ucraini"},"content":{"rendered":"\n<figure class=\"wp-block-image size-large\" data-block-type=\"core\"><img loading=\"lazy\" width=\"1024\" height=\"576\" src=\"https:\/\/www.protezionecivilecalabria.it\/wp-content\/uploads\/9d6870890a00-13fb-ce11-115a-6ef1f390\" alt=\"\" class=\"wp-image-4785\" srcset=\"https:\/\/www.protezionecivilecalabria.it\/\/wp-content\/uploads\/9d6870890a00-13fb-ce11-115a-6ef1f390 1024w, https:\/\/www.protezionecivilecalabria.it\/\/wp-content\/uploads\/9d6870890a00-13fb-ce11-115a-8d5ae360 300w, https:\/\/www.protezionecivilecalabria.it\/\/wp-content\/uploads\/9d6870890a00-13fb-ce11-115a-595283f0 768w, https:\/\/www.protezionecivilecalabria.it\/\/wp-content\/uploads\/9d6870890a00-13fb-ce11-115a-999a5841 1536w, https:\/\/www.protezionecivilecalabria.it\/\/wp-content\/uploads\/9d6870890a00-13fb-ce11-115a-09410d02 640w, https:\/\/www.protezionecivilecalabria.it\/\/wp-content\/uploads\/9d6870890a00-13fb-ce11-115a-2c757d20 1920w\" sizes=\"(max-width: 1024px) 100vw, 1024px\" \/><\/figure>\n\n\n\n<p data-block-type=\"core\"><strong>Fortunato Varone, direttore generale del Dipartimento Protezione Civile Calabria, con ordinanza n.1\/872 del 14 marzo 2022 \u00e8 stato nominato soggetto attuatore delle attivit\u00e0 del Commissario delegato per l\u2019espletamento delle attivit\u00e0 relative all&#8217;emergenza Ucraina.<\/strong><\/p>\n\n\n\n<p data-block-type=\"core\"><strong>E&#8217; stata istituita, con ordinanza n.2\/872 del 14 marzo 2022, l\u2019Unit\u00e0 di Crisi regionale per l\u2019emergenza derivante dagli accadimenti in atto nel territorio dell\u2019Ucraina<\/strong>. L\u2019Unit\u00e0 di Crisi regionale \u00e8 composta da: Giuseppina Princi, vice presidente della Giunta regionale, in qualit\u00e0 di rappresentante del presidente Roberto Occhiuto, anche presso il Comitato Operativo di Protezione Civile; Agostino Miozzo, consulente del presidente della Regione Calabria in materia sanitaria e di protezione civile e coordinatore dell\u2019Unit\u00e0 di Crisi; Tilde Minasi, assessore della Giunta regionale alle Politiche Sociali; Fortunato Varone, dirigente generale del Dipartimento Protezione Civile della Regione Calabria, in qualit\u00e0 di soggetto sttuatore delle Attivit\u00e0 del Commissario Delegato; Iole Fantozzi, dirigente generale del Dipartimento Tutela della Salute e Servizi Socio Sanitari della Regione Calabria; Roberto Cosentino, dirigente generale del Dipartimento Lavoro e Welfare della Regione Calabria; Claudio Moroni, dirigente generale del Dipartimento Infrastrutture e Lavori Pubblici della Regione Calabria; Domenico Costarella, componente della Struttura del presidente della Giunta regionale; Valeria Richichi, viceprefetto aggiunto della Prefettura di Catanzaro; Franco Candia, Segretario ANCI Calabria. L\u2019Unit\u00e0 di Crisi regionale per l\u2019emergenza Ucraina \u00e8 istituita senza ulteriori oneri a carico della finanza pubblica.<\/p>\n\n\n\n<p data-block-type=\"core\"><strong>Nella prima riunione dell\u2019Unit\u00e0 di crisi regionale per l\u2019Emergenza Ucraina, svoltasi oggi, 15 marzo 2022, sono state condivise le linee guida contenenti alcune indicazioni in merito alle procedure per garantire ai cittadini ucraini il soggiorno in Calabria e l\u2019assistenza sanitaria, nel rispetto della vigente normativa nazionale.<\/strong><\/p>\n\n\n\n<p data-block-type=\"core\">Nelle line guida si evidenzia che: \u201cObbligatoriamente, il cittadino ucraino che arriva in Calabria deve recarsi, entro 48 ore, negli Hub provinciali individuati da ogni Asp, per sottoporsi ad un test antigenico e\/o molecolare per SARSCoV-2. Le Azienda Sanitarie dovranno consegnare ad ogni soggetto sottoposto a tampone una dotazione adeguata di mascherine FFP2. Fino al 31 marzo 2022, i cittadini ucraini possono utilizzare i mezzi di trasporto per raggiungere le strutture di cura e\/o assistenza sanitaria, il domicilio o altro luogo di accoglienza nonch\u00e9 tutte le strutture messe a loro disposizione, anche esibendo la certificazione di essersi sottoposti nelle 72 ore antecedenti a un test molecolare ovvero nelle 48 ore antecedenti a un tampone antigenico risultato negativo. Una volta effettuato il tampone antigenico o molecolare con risultato negativo, gli uffici della Questura provvedono ad inoltrare alle ASP competenti per territorio le generalit\u00e0 delle persone provenienti dall\u2019Ucraina che hanno effettuato la registrazione, al fine di poter procedere all\u2019iscrizione al regime di \u201cStraniero Temporaneamente Presente (STP)\u201d, necessario all\u2019assistenza sanitaria. I cittadini ucraini, forniti di STP, potranno accedere alle strutture sanitarie per l\u2019erogazione delle prestazioni sanitarie. In particolare, sar\u00e0 cura delle Asp verificare la copertura vaccinale dei cittadini ucraini e procedere nei termini previsti alla somministrazione del vaccino anti Covid-19. Per la popolazione in et\u00e0 scolare le ASP provvederanno alla eventuale somministrazione dei vaccini obbligatori ai sensi della normativa vigente per l\u2019inserimento effettivo nelle scuole. Al momento della registrazione, coloro che non dispongono di una sistemazione abitativa, segnalano la necessit\u00e0 agli uffici della Questura. Verr\u00e0 garantita ospitalit\u00e0 dalla Prefettura nelle strutture di accoglienza, appositamente individuate\u201d.<\/p>\n\n\n\n<p data-block-type=\"core\"><strong>I dettagli della \u201cLinee guida\u201d possono essere consultati al seguente link:&nbsp;<a href=\"https:\/\/www.regione.calabria.it\/website\/portaltemplates\/view\/view_provvedimenti.cfm?61449\" target=\"_blank\" rel=\"noreferrer noopener\">regione.calabria.it\/provvedimenti<\/a><\/strong><\/p>\n","protected":false},"excerpt":{"rendered":"<p>Fortunato Varone, direttore generale del Dipartimento Protezione Civile Calabria, con ordinanza n.<\/p>\n","protected":false},"author":4,"featured_media":4785,"comment_status":"closed","ping_status":"closed","sticky":true,"template":"","format":"standard","meta":{"_EventAllDay":false,"_EventTimezone":"","_EventStartDate":"","_EventEndDate":"","_EventStartDateUTC":"","_EventEndDateUTC":"","_EventShowMap":false,"_EventShowMapLink":false,"_EventURL":"","_EventCost":"","_EventCostDescription":"","_EventCurrencySymbol":"","_EventCurrencyCode":"","_EventCurrencyPosition":"","_EventDateTimeSeparator":"","_EventTimeRangeSeparator":"","_EventOrganizerID":[],"_EventVenueID":0,"_OrganizerEmail":"","_OrganizerPhone":"","_OrganizerWebsite":"","_VenueAddress":"","_VenueCity":"","_VenueCountry":"","_VenueProvince":"","_VenueZip":"","_VenuePhone":"","_VenueURL":"","_VenueStateProvince":"","_VenueLat":"","_VenueLng":"","_price":"","_stock":"","_tribe_ticket_header":"","_tribe_default_ticket_provider":"","_tribe_ticket_capacity":"0","_ticket_start_date":"","_ticket_end_date":"","_tribe_ticket_show_description":"","_tribe_ticket_show_not_going":false,"_tribe_ticket_use_global_stock":"","_tribe_ticket_global_stock_level":"","_global_stock_mode":"","_global_stock_cap":"","_tribe_rsvp_for_event":"","_tribe_ticket_going_count":"","_tribe_ticket_not_going_count":"","_tribe_tickets_list":[],"_tribe_ticket_has_attendee_info_fields":false},"categories":[261,81,4],"tags":[269,265,29,12],"featured_image_urls":{"full":["https:\/\/www.protezionecivilecalabria.it\/\/wp-content\/uploads\/9d6870890a00-13fb-ce11-115a-2c757d20",1920,1080,false],"thumbnail":["https:\/\/www.protezionecivilecalabria.it\/\/wp-content\/uploads\/9d6870890a00-13fb-ce11-115a-2c4da2c0",150,150,true],"medium":["https:\/\/www.protezionecivilecalabria.it\/\/wp-content\/uploads\/9d6870890a00-13fb-ce11-115a-8d5ae360",300,169,true],"medium_large":["https:\/\/www.protezionecivilecalabria.it\/\/wp-content\/uploads\/9d6870890a00-13fb-ce11-115a-595283f0",768,432,true],"large":["https:\/\/www.protezionecivilecalabria.it\/\/wp-content\/uploads\/9d6870890a00-13fb-ce11-115a-6ef1f390",1024,576,true],"1536x1536":["https:\/\/www.protezionecivilecalabria.it\/\/wp-content\/uploads\/9d6870890a00-13fb-ce11-115a-999a5841",1536,864,true],"2048x2048":["https:\/\/www.protezionecivilecalabria.it\/\/wp-content\/uploads\/9d6870890a00-13fb-ce11-115a-2c757d20",1920,1080,false],"post-thumbnails":["https:\/\/www.protezionecivilecalabria.it\/\/wp-content\/uploads\/9d6870890a00-13fb-ce11-115a-4331a481",512,512,true],"news-image":["https:\/\/www.protezionecivilecalabria.it\/\/wp-content\/uploads\/9d6870890a00-13fb-ce11-115a-76e70ca1",400,220,true],"gallery-preview":["https:\/\/www.protezionecivilecalabria.it\/\/wp-content\/uploads\/9d6870890a00-13fb-ce11-115a-41c695e1",80,80,true],"shareaholic-thumbnail":["https:\/\/www.protezionecivilecalabria.it\/\/wp-content\/uploads\/9d6870890a00-13fb-ce11-115a-09410d02",640,360,true],"tptn_thumbnail":["https:\/\/www.protezionecivilecalabria.it\/\/wp-content\/uploads\/9d6870890a00-13fb-ce11-115a-feaaf542",75,60,true]},"post_excerpt_stackable":"<p>Fortunato Varone, direttore generale del Dipartimento Protezione Civile Calabria, con ordinanza n.1\/872 del 14 marzo 2022 \u00e8 stato nominato soggetto attuatore delle attivit\u00e0 del Commissario delegato per l\u2019espletamento delle attivit\u00e0 relative all&#8217;emergenza Ucraina. E&#8217; stata istituita, con ordinanza n.2\/872 del 14 marzo 2022, l\u2019Unit\u00e0 di Crisi regionale per l\u2019emergenza derivante dagli accadimenti in atto nel territorio dell\u2019Ucraina. L\u2019Unit\u00e0 di Crisi regionale \u00e8 composta da: Giuseppina Princi, vice presidente della Giunta regionale, in qualit\u00e0 di rappresentante del presidente Roberto Occhiuto, anche presso il Comitato Operativo di Protezione Civile; Agostino Miozzo, consulente del presidente della Regione Calabria in materia sanitaria e di&hellip;<\/p>\n","category_list":"<a href=\"https:\/\/www.protezionecivilecalabria.it\/?cat=261\" rel=\"category\">Emergenza Ucraina<\/a>, <a href=\"https:\/\/www.protezionecivilecalabria.it\/?cat=81\" rel=\"category\">PRIMO PIANO<\/a>, <a href=\"https:\/\/www.protezionecivilecalabria.it\/?cat=4\" rel=\"category\">Ultime notizie<\/a>","author_info":{"name":"Comunicazione Protezione Civile Calabria","url":"https:\/\/www.protezionecivilecalabria.it\/?author=4"},"comments_num":"0 comments","ticketed":false,"_links":{"self":[{"href":"https:\/\/www.protezionecivilecalabria.it\/index.php?rest_route=\/wp\/v2\/posts\/4797"}],"collection":[{"href":"https:\/\/www.protezionecivilecalabria.it\/index.php?rest_route=\/wp\/v2\/posts"}],"about":[{"href":"https:\/\/www.protezionecivilecalabria.it\/index.php?rest_route=\/wp\/v2\/types\/post"}],"author":[{"embeddable":true,"href":"https:\/\/www.protezionecivilecalabria.it\/index.php?rest_route=\/wp\/v2\/users\/4"}],"replies":[{"embeddable":true,"href":"https:\/\/www.protezionecivilecalabria.it\/index.php?rest_route=%2Fwp%2Fv2%2Fcomments&post=4797"}],"version-history":[{"count":2,"href":"https:\/\/www.protezionecivilecalabria.it\/index.php?rest_route=\/wp\/v2\/posts\/4797\/revisions"}],"predecessor-version":[{"id":4857,"href":"https:\/\/www.protezionecivilecalabria.it\/index.php?rest_route=\/wp\/v2\/posts\/4797\/revisions\/4857"}],"wp:featuredmedia":[{"embeddable":true,"href":"https:\/\/www.protezionecivilecalabria.it\/index.php?rest_route=\/wp\/v2\/media\/4785"}],"wp:attachment":[{"href":"https:\/\/www.protezionecivilecalabria.it\/index.php?rest_route=%2Fwp%2Fv2%2Fmedia&parent=4797"}],"wp:term":[{"taxonomy":"category","embeddable":true,"href":"https:\/\/www.protezionecivilecalabria.it\/index.php?rest_route=%2Fwp%2Fv2%2Fcategories&post=4797"},{"taxonomy":"post_tag","embeddable":true,"href":"https:\/\/www.protezionecivilecalabria.it\/index.php?rest_route=%2Fwp%2Fv2%2Ftags&post=4797"}],"curies":[{"name":"wp","href":"https:\/\/api.w.org\/{rel}","templated":true}]}}