{"id":5423,"date":"2022-03-22T21:41:00","date_gmt":"2022-03-22T20:41:00","guid":{"rendered":"https:\/\/www.protezionecivilecalabria.it\/?p=5423"},"modified":"2022-03-31T21:43:06","modified_gmt":"2022-03-31T19:43:06","slug":"emergenza-ucraina-a-pieno-ritmo-i-lavori-dellunita-di-crisi-regionale-per-organizzare-accoglienza-e-assistenza-sanitaria","status":"publish","type":"post","link":"https:\/\/www.protezionecivilecalabria.it\/?p=5423","title":{"rendered":"EMERGENZA UCRAINA- A pieno ritmo i lavori dell&#8217;Unit\u00e0 di Crisi regionale per organizzare accoglienza e assistenza sanitaria"},"content":{"rendered":"\n<p data-block-type=\"core\">La Calabria sta fronteggiando al meglio l\u2019emergenza Ucraina, mettendo in campo l\u2019enorme macchina istituzionale della solidariet\u00e0: risorse, energie e professionalit\u00e0 a disposizione di chi versa in condizioni di estrema difficolt\u00e0.<\/p>\n\n\n\n<p data-block-type=\"core\">Sta lavorando a ritmo serrato l\u2019Unit\u00e0 di crisi regionale, istituita con ordinanza del commissario delegato all\u2019emergenza, individuato nel presidente Occhiuto, lo scorso 14 marzo, per gestire i flussi in entrata nel nostro Paese a causa del conflitto russo-ucraino. Gestire l&#8217;accoglienza e l&#8217;assistenza sanitaria dei cittadini ucraini resta tuttavia un impegno gravoso che sta assumendo connotati sempre pi\u00f9 complessi col passare delle ore.<\/p>\n\n\n\n<p data-block-type=\"core\">Stando alle informazioni assunte attraverso le Questure calabresi, nel territorio regionale sono stati registrati 1903 profughi provenienti dall\u2019Ucraina, cos\u00ec ripartiti: Catanzaro 243; Cosenza 683; Crotone 380; Reggio Calabria 397; Vibo Valentia 200. Numeri in fase di aggiornamento e che sono destinati ad aumentare con l\u2019aumento delle tensioni derivanti dal conflitto nell\u2019Est Europa.<\/p>\n\n\n\n<p data-block-type=\"core\">Al fine di garantire l\u2019eventuale ospitalit\u00e0 dei profughi ucraini, qualora non fossero sufficienti i posti messi a disposizione dai Centri di Accoglienza e Integrazione, i tecnici della Protezione civile, d\u2019intesa con l\u2019Unit\u00e0 di Crisi, hanno gi\u00e0 effettuato sopralluoghi per verificare l\u2019adeguatezza di tre immobili dislocati in diverse province (Crotone, Gambarie &#8211; RC, Vibo Valentia) che presentano una capienza complessiva di circa 300 posti, messi a disposizione gratuitamente dall\u2019INPS.<\/p>\n\n\n\n<p data-block-type=\"core\">Oltre questo, si \u00e8 gi\u00e0 provveduto a stipulare una convenzione con Federalberghi Calabria per l\u2019individuazione di strutture dedicate che eventualmente saranno attivate secondo le necessit\u00e0 di ospitalit\u00e0. Chiesta anche la messa a disposizione, da parte del Ministero della Difesa, di alcune strutture localizzate nella provincia di Cosenza e gi\u00e0 impiegate, nei mesi scorsi, nella gestione dei profughi provenienti dall\u2019Afghanistan. Nel frattempo, il Dipartimento regionale Istruzione ha gi\u00e0 attivato risorse per il reperimento di mediatori culturali e psicologi da mettere a disposizione degli Istituti scolastici per l\u2019integrazione dei rifugiati.<\/p>\n\n\n\n<p data-block-type=\"core\">Per quest\u2019ultima procedura \u00e8 in corso la manifestazione d\u2019interesse con cui gli Istituti aderiranno all\u2019iniziativa promossa dal Vicepresidente con delega all\u2019Istruzione Giusi Princi. Inoltre, attraverso l\u2019Ufficio Scolastico Regionale, verranno intraprese specifiche azioni di formazione per gli adulti mediante i CPIA (Centri Provinciali Istruzioni Adulti).<\/p>\n\n\n\n<p data-block-type=\"core\">Si ricorda che l\u2019Unit\u00e0 di crisi regionale, coordinata da Agostino Miozzo, consulente del presidente della Regione Calabria in materia sanitaria e di protezione civile, \u00e8 composta da: Giusi Princi, vice presidente della Giunta regionale &#8211; in qualit\u00e0 di rappresentante del presidente Roberto Occhiuto, anche presso il Comitato operativo di Protezione Civile &#8211; e coordinatore dell\u2019Unit\u00e0 di Crisi; Tilde Minasi, assessore della Giunta regionale alle Politiche sociali; Fortunato Varone, dirigente generale del Dipartimento Protezione civile della Regione Calabria, in qualit\u00e0 di soggetto attuatore delle attivit\u00e0 del Commissario delegato; Iole Fantozzi, dirigente generale del Dipartimento Tutela della salute e Servizi socio sanitari della Regione Calabria; Roberto Cosentino, dirigente generale del Dipartimento Lavoro e Welfare della Regione Calabria; Claudio Moroni, dirigente generale del Dipartimento Infrastrutture e Lavori pubblici della Regione Calabria; Domenico Costarella, componente della Struttura del presidente della Giunta regionale; Valeria Richichi, viceprefetto aggiunto della Prefettura di Catanzaro; Franco Candia, Segretario ANCI Calabria. L\u2019Unit\u00e0 di crisi \u00e8 istituita senza ulteriori oneri a carico della finanza pubblica.<\/p>\n","protected":false},"excerpt":{"rendered":"<p>EMERGENZA UCRAINA- A pieno ritmo i lavori dell&#8217;Unit\u00e0 di Crisi regionale per organizzare accoglienza e assistenza sanitaria<\/p>\n","protected":false},"author":4,"featured_media":4785,"comment_status":"closed","ping_status":"closed","sticky":false,"template":"","format":"standard","meta":{"_EventAllDay":false,"_EventTimezone":"","_EventStartDate":"","_EventEndDate":"","_EventStartDateUTC":"","_EventEndDateUTC":"","_EventShowMap":false,"_EventShowMapLink":false,"_EventURL":"","_EventCost":"","_EventCostDescription":"","_EventCurrencySymbol":"","_EventCurrencyCode":"","_EventCurrencyPosition":"","_EventDateTimeSeparator":"","_EventTimeRangeSeparator":"","_EventOrganizerID":[],"_EventVenueID":0,"_OrganizerEmail":"","_OrganizerPhone":"","_OrganizerWebsite":"","_VenueAddress":"","_VenueCity":"","_VenueCountry":"","_VenueProvince":"","_VenueZip":"","_VenuePhone":"","_VenueURL":"","_VenueStateProvince":"","_VenueLat":"","_VenueLng":"","_price":"","_stock":"","_tribe_ticket_header":"","_tribe_default_ticket_provider":"","_tribe_ticket_capacity":"0","_ticket_start_date":"","_ticket_end_date":"","_tribe_ticket_show_description":"","_tribe_ticket_show_not_going":false,"_tribe_ticket_use_global_stock":"","_tribe_ticket_global_stock_level":"","_global_stock_mode":"","_global_stock_cap":"","_tribe_rsvp_for_event":"","_tribe_ticket_going_count":"","_tribe_ticket_not_going_count":"","_tribe_tickets_list":[],"_tribe_ticket_has_attendee_info_fields":false},"categories":[261,81,4],"tags":[269,265,29,12],"featured_image_urls":{"full":["https:\/\/www.protezionecivilecalabria.it\/\/wp-content\/uploads\/9d6870890a00-13fb-ce11-115a-2c757d20",1920,1080,false],"thumbnail":["https:\/\/www.protezionecivilecalabria.it\/\/wp-content\/uploads\/9d6870890a00-13fb-ce11-115a-2c4da2c0",150,150,true],"medium":["https:\/\/www.protezionecivilecalabria.it\/\/wp-content\/uploads\/9d6870890a00-13fb-ce11-115a-8d5ae360",300,169,true],"medium_large":["https:\/\/www.protezionecivilecalabria.it\/\/wp-content\/uploads\/9d6870890a00-13fb-ce11-115a-595283f0",768,432,true],"large":["https:\/\/www.protezionecivilecalabria.it\/\/wp-content\/uploads\/9d6870890a00-13fb-ce11-115a-6ef1f390",1024,576,true],"1536x1536":["https:\/\/www.protezionecivilecalabria.it\/\/wp-content\/uploads\/9d6870890a00-13fb-ce11-115a-999a5841",1536,864,true],"2048x2048":["https:\/\/www.protezionecivilecalabria.it\/\/wp-content\/uploads\/9d6870890a00-13fb-ce11-115a-2c757d20",1920,1080,false],"post-thumbnails":["https:\/\/www.protezionecivilecalabria.it\/\/wp-content\/uploads\/9d6870890a00-13fb-ce11-115a-4331a481",512,512,true],"news-image":["https:\/\/www.protezionecivilecalabria.it\/\/wp-content\/uploads\/9d6870890a00-13fb-ce11-115a-76e70ca1",400,220,true],"gallery-preview":["https:\/\/www.protezionecivilecalabria.it\/\/wp-content\/uploads\/9d6870890a00-13fb-ce11-115a-41c695e1",80,80,true],"shareaholic-thumbnail":["https:\/\/www.protezionecivilecalabria.it\/\/wp-content\/uploads\/9d6870890a00-13fb-ce11-115a-09410d02",640,360,true],"tptn_thumbnail":["https:\/\/www.protezionecivilecalabria.it\/\/wp-content\/uploads\/9d6870890a00-13fb-ce11-115a-feaaf542",75,60,true]},"post_excerpt_stackable":"<p>EMERGENZA UCRAINA- A pieno ritmo i lavori dell&#8217;Unit\u00e0 di Crisi regionale per organizzare accoglienza e assistenza sanitaria<\/p>\n","category_list":"<a href=\"https:\/\/www.protezionecivilecalabria.it\/?cat=261\" rel=\"category\">Emergenza Ucraina<\/a>, <a href=\"https:\/\/www.protezionecivilecalabria.it\/?cat=81\" rel=\"category\">PRIMO PIANO<\/a>, <a href=\"https:\/\/www.protezionecivilecalabria.it\/?cat=4\" rel=\"category\">Ultime notizie<\/a>","author_info":{"name":"Comunicazione Protezione Civile Calabria","url":"https:\/\/www.protezionecivilecalabria.it\/?author=4"},"comments_num":"0 comments","ticketed":false,"_links":{"self":[{"href":"https:\/\/www.protezionecivilecalabria.it\/index.php?rest_route=\/wp\/v2\/posts\/5423"}],"collection":[{"href":"https:\/\/www.protezionecivilecalabria.it\/index.php?rest_route=\/wp\/v2\/posts"}],"about":[{"href":"https:\/\/www.protezionecivilecalabria.it\/index.php?rest_route=\/wp\/v2\/types\/post"}],"author":[{"embeddable":true,"href":"https:\/\/www.protezionecivilecalabria.it\/index.php?rest_route=\/wp\/v2\/users\/4"}],"replies":[{"embeddable":true,"href":"https:\/\/www.protezionecivilecalabria.it\/index.php?rest_route=%2Fwp%2Fv2%2Fcomments&post=5423"}],"version-history":[{"count":1,"href":"https:\/\/www.protezionecivilecalabria.it\/index.php?rest_route=\/wp\/v2\/posts\/5423\/revisions"}],"predecessor-version":[{"id":5427,"href":"https:\/\/www.protezionecivilecalabria.it\/index.php?rest_route=\/wp\/v2\/posts\/5423\/revisions\/5427"}],"wp:featuredmedia":[{"embeddable":true,"href":"https:\/\/www.protezionecivilecalabria.it\/index.php?rest_route=\/wp\/v2\/media\/4785"}],"wp:attachment":[{"href":"https:\/\/www.protezionecivilecalabria.it\/index.php?rest_route=%2Fwp%2Fv2%2Fmedia&parent=5423"}],"wp:term":[{"taxonomy":"category","embeddable":true,"href":"https:\/\/www.protezionecivilecalabria.it\/index.php?rest_route=%2Fwp%2Fv2%2Fcategories&post=5423"},{"taxonomy":"post_tag","embeddable":true,"href":"https:\/\/www.protezionecivilecalabria.it\/index.php?rest_route=%2Fwp%2Fv2%2Ftags&post=5423"}],"curies":[{"name":"wp","href":"https:\/\/api.w.org\/{rel}","templated":true}]}}