{"id":7934,"date":"2022-11-02T21:24:33","date_gmt":"2022-11-02T20:24:33","guid":{"rendered":"https:\/\/www.protezionecivilecalabria.it\/?p=7934"},"modified":"2022-11-22T15:01:05","modified_gmt":"2022-11-22T14:01:05","slug":"mostra-terremoti-ditalia-a-reggio-calabria-al-via-le-prenotazioni","status":"publish","type":"post","link":"https:\/\/www.protezionecivilecalabria.it\/?p=7934","title":{"rendered":"Mostra &#8220;Terremoti d&#8217;Italia&#8221; a Reggio Calabria: al via le prenotazioni"},"content":{"rendered":"\n<p data-block-type=\"core\">Il rischio sismico tra conoscenza, memoria ed esperienza. Una full-immersion nella prevenzione toccata con mano. E&#8217; questo e anche di pi\u00f9 la mostra allestita all\u2019interno della grande tensostruttura della Protezione Civile presso il lungomare di Reggio Calabria, in vicinanza della stazione di Reggio Calabria Lido, nell\u2019ambito dell\u2019esercitazione nazionale sulla gestione dei terremoti che prender\u00e0 il via giorno 4&nbsp;novembre&nbsp;in tutta l\u2019Area dello Stretto.<\/p>\n\n\n\n<!--more-->\n\n\n\n<p data-block-type=\"core\">La mostra itinerante \u201cTerremoti d\u2019Italia\u201d, realizzata dal Dipartimento nazionale della Protezione Civile, con il contributo del Dipartimento Regionale, ha come obiettivo quello di far conoscere da vicino uno dei rischi naturali che pi\u00f9 interessano il nostro Paese: il rischio sismico. Solo nel \u2018900, in Italia sono stati ben 60 i terremoti che hanno provocato danni gravi; 20 di questi hanno avuto effetti talmente distruttivi da causare la morte di 120mila persone, oltre che la devastazione di interi centri urbani. E tra questi si annovera anche quello del 1908, che distrusse le citt\u00e0 di Reggio e Messina. Tutt\u2019oggi, quasi met\u00e0 del nostro Paese \u00e8 soggetta ad elevata pericolosit\u00e0 sismica.<\/p>\n\n\n\n<p data-block-type=\"core\">L\u2019obiettivo della mostra \u00e8 proprio quello di far s\u00ec che i visitatori, attraverso un percorso conoscitivo e sensoriale, acquisiscano una maggiore consapevolezza del rischio, tutelando se stessi e gli altri.<\/p>\n\n\n\n<p data-block-type=\"core\">Documenti, foto, filmati e strumenti saranno messi a disposizione del pubblico per capire cos\u2019\u00e8 il terremoto e cosa si pu\u00f2 fare per affrontarlo, per ridurne gli effetti. Il percorso espositivo, realizzato su oltre 600 mq, sar\u00e0 illustrato dai tecnici e dai volontari di protezione civile; si partir\u00e0 dalla conoscenza del fenomeno fisico e dagli strumenti utilizzati per misurarne l\u2019intensit\u00e0, per passare poi alla storia e alla condizione sismica del nostro Paese e all\u2019organizzazione del sistema di Protezione civile, che proprio a seguito dei grandi terremoti del secolo passato ha preso origine per arrivare con le successive esperienze all\u2019assetto attuale. Verranno anche descritti accorgimenti e tecnologie per rendere pi\u00f9 sicura la propria abitazione e suggerimenti sui comportamenti da adottare prima, durante e dopo le situazioni di rischio. A conclusione del percorso teorico, i visitatori potranno vivere un\u2019esperienza dal forte impatto emotivo e sensoriale: in un\u2019apposita \u201cStanza Sismica\u201d, verranno riprodotti fedelmente i movimenti intensit\u00e0 causati da un sisma di forte intensit\u00e0, facendo vivere ai visitatori che vi entreranno l\u2019esperienza diretta del terremoto. Un altro simulatore, la \u201cCitt\u00e0 Sismica\u201d, consentir\u00e0 di osservare in prima persona gli effetti dei terremoti su edifici e ponti riprodotti in scala.<\/p>\n\n\n\n<p data-block-type=\"core\">L&#8217;inaugurazione della mostra per le scuole sar\u00e0 venerd\u00ec 4 novembre. L\u2019apertura al pubblico, con ingresso gratuito, \u00e8 da luned\u00ec a&nbsp;sabato, dalle 9 alle 13 e dalle 15 alle 18. Per le scolaresche sar\u00e0 possibile visitare la mostra solo prenotando le visite guidate attraverso il seguente link:<\/p>\n\n\n\n<p data-block-type=\"core\"><a href=\"https:\/\/www.eventbrite.it\/e\/biglietti-mostra-terremoti-ditalia-453715343807\" target=\"_blank\" rel=\"noreferrer noopener\">https:\/\/www.eventbrite.it\/e\/biglietti-mostra-terremoti-ditalia-453715343807<\/a><\/p>\n\n\n\n<p data-block-type=\"core\">Le Scuole interessate potranno prenotare la visita guidata da Sabato 5\u00a0novembre\u00a0fino a sabato 10 dicembre. Ogni visita, prevista in orario antimeridiano dalle 9 in poi, potr\u00e0 ospitare al massimo 30 studenti e durer\u00e0 circa 1 ora. Per le visite fino al giorno 16\u00a0Novembre\u00a0potranno prenotarsi prioritariamente le scuole ricadenti nel territorio della citt\u00e0 metropolitana di Reggio Calabria; mentre per le visite dopo il 17\u00a0Novembre\u00a0potranno prenotarsi anche le scuole di tutte le altre provincie calabresi.<\/p>\n\n\n\n<p data-block-type=\"core\">Ulteriori informazioni sul sito&nbsp;<a href=\"http:\/\/www.protezionecivilecalabria.it\/\" target=\"_blank\" rel=\"noreferrer noopener\">www.protezionecivilecalabria.it&nbsp;<\/a>&nbsp;oppure scrivendo&nbsp;all\u2019indirizzo email <a href=\"mailto:m.folinogallo@regione.calabria.it\" target=\"_blank\" rel=\"noreferrer noopener\">m.folinogallo@regione.calabria.it<\/a>. <\/p>\n\n\n\n<p data-block-type=\"core\"><\/p>\n\n\n\n<p data-block-type=\"core\">N.B.: Per informazioni sul trattamento dei dati tramite piattaforma EventBrite si prega di consultare l&#8217;informativa specifica disponibile al seguente indirizzo <a href=\"https:\/\/www.protezionecivilecalabria.it\/?page_id=7678\">https:\/\/www.protezionecivilecalabria.it\/?page_id=7678<\/a><\/p>\n\n\n\n<p data-block-type=\"core\"><\/p>\n","protected":false},"excerpt":{"rendered":"<p>Il rischio sismico tra conoscenza, memoria ed esperienza.<\/p>\n","protected":false},"author":3,"featured_media":7722,"comment_status":"closed","ping_status":"closed","sticky":false,"template":"","format":"standard","meta":{"_EventAllDay":false,"_EventTimezone":"","_EventStartDate":"","_EventEndDate":"","_EventStartDateUTC":"","_EventEndDateUTC":"","_EventShowMap":false,"_EventShowMapLink":false,"_EventURL":"","_EventCost":"","_EventCostDescription":"","_EventCurrencySymbol":"","_EventCurrencyCode":"","_EventCurrencyPosition":"","_EventDateTimeSeparator":"","_EventTimeRangeSeparator":"","_EventOrganizerID":[],"_EventVenueID":0,"_OrganizerEmail":"","_OrganizerPhone":"","_OrganizerWebsite":"","_VenueAddress":"","_VenueCity":"","_VenueCountry":"","_VenueProvince":"","_VenueZip":"","_VenuePhone":"","_VenueURL":"","_VenueStateProvince":"","_VenueLat":"","_VenueLng":"","_price":"","_stock":"","_tribe_ticket_header":"","_tribe_default_ticket_provider":"","_tribe_ticket_capacity":"0","_ticket_start_date":"","_ticket_end_date":"","_tribe_ticket_show_description":"","_tribe_ticket_show_not_going":false,"_tribe_ticket_use_global_stock":"","_tribe_ticket_global_stock_level":"","_global_stock_mode":"","_global_stock_cap":"","_tribe_rsvp_for_event":"","_tribe_ticket_going_count":"","_tribe_ticket_not_going_count":"","_tribe_tickets_list":[],"_tribe_ticket_has_attendee_info_fields":false},"categories":[81,4],"tags":[],"featured_image_urls":{"full":["https:\/\/www.protezionecivilecalabria.it\/\/wp-content\/uploads\/c0add6810100-df09-de11-ab65-b00993f7",850,567,false],"thumbnail":["https:\/\/www.protezionecivilecalabria.it\/\/wp-content\/uploads\/c0add6810100-df09-de11-ab65-8293f508",150,150,true],"medium":["https:\/\/www.protezionecivilecalabria.it\/\/wp-content\/uploads\/c0add6810100-df09-de11-ab65-cbd2bcf7",300,200,true],"medium_large":["https:\/\/www.protezionecivilecalabria.it\/\/wp-content\/uploads\/c0add6810100-df09-de11-ab65-ce6b3018",768,512,true],"large":["https:\/\/www.protezionecivilecalabria.it\/\/wp-content\/uploads\/c0add6810100-df09-de11-ab65-b00993f7",850,567,false],"1536x1536":["https:\/\/www.protezionecivilecalabria.it\/\/wp-content\/uploads\/c0add6810100-df09-de11-ab65-b00993f7",850,567,false],"2048x2048":["https:\/\/www.protezionecivilecalabria.it\/\/wp-content\/uploads\/c0add6810100-df09-de11-ab65-b00993f7",850,567,false],"post-thumbnails":["https:\/\/www.protezionecivilecalabria.it\/\/wp-content\/uploads\/c0add6810100-df09-de11-ab65-170e4918",512,512,true],"news-image":["https:\/\/www.protezionecivilecalabria.it\/\/wp-content\/uploads\/c0add6810100-df09-de11-ab65-0f730328",400,220,true],"gallery-preview":["https:\/\/www.protezionecivilecalabria.it\/\/wp-content\/uploads\/9d6870890a00-20ab-de11-ab65-a99c2e28",80,80,true],"shareaholic-thumbnail":["https:\/\/www.protezionecivilecalabria.it\/\/wp-content\/uploads\/9d6870890a00-20ab-de11-ab65-3f488a38",640,427,true],"tptn_thumbnail":["https:\/\/www.protezionecivilecalabria.it\/\/wp-content\/uploads\/9d6870890a00-20ab-de11-ab65-7f1a5648",75,60,true]},"post_excerpt_stackable":"<p>Il rischio sismico tra conoscenza, memoria ed esperienza. Una full-immersion nella prevenzione toccata con mano. E&#8217; questo e anche di pi\u00f9 la mostra allestita all\u2019interno della grande tensostruttura della Protezione Civile presso il lungomare di Reggio Calabria, in vicinanza della stazione di Reggio Calabria Lido, nell\u2019ambito dell\u2019esercitazione nazionale sulla gestione dei terremoti che prender\u00e0 il via giorno 4&nbsp;novembre&nbsp;in tutta l\u2019Area dello Stretto. La mostra itinerante \u201cTerremoti d\u2019Italia\u201d, realizzata dal Dipartimento nazionale della Protezione Civile, con il contributo del Dipartimento Regionale, ha come obiettivo quello di far conoscere da vicino uno dei rischi naturali che pi\u00f9 interessano il nostro Paese: il&hellip;<\/p>\n","category_list":"<a href=\"https:\/\/www.protezionecivilecalabria.it\/?cat=81\" rel=\"category\">PRIMO PIANO<\/a>, <a href=\"https:\/\/www.protezionecivilecalabria.it\/?cat=4\" rel=\"category\">Ultime notizie<\/a>","author_info":{"name":"Protezione Civile Calabria","url":"https:\/\/www.protezionecivilecalabria.it\/?author=3"},"comments_num":"0 comments","ticketed":false,"_links":{"self":[{"href":"https:\/\/www.protezionecivilecalabria.it\/index.php?rest_route=\/wp\/v2\/posts\/7934"}],"collection":[{"href":"https:\/\/www.protezionecivilecalabria.it\/index.php?rest_route=\/wp\/v2\/posts"}],"about":[{"href":"https:\/\/www.protezionecivilecalabria.it\/index.php?rest_route=\/wp\/v2\/types\/post"}],"author":[{"embeddable":true,"href":"https:\/\/www.protezionecivilecalabria.it\/index.php?rest_route=\/wp\/v2\/users\/3"}],"replies":[{"embeddable":true,"href":"https:\/\/www.protezionecivilecalabria.it\/index.php?rest_route=%2Fwp%2Fv2%2Fcomments&post=7934"}],"version-history":[{"count":8,"href":"https:\/\/www.protezionecivilecalabria.it\/index.php?rest_route=\/wp\/v2\/posts\/7934\/revisions"}],"predecessor-version":[{"id":8041,"href":"https:\/\/www.protezionecivilecalabria.it\/index.php?rest_route=\/wp\/v2\/posts\/7934\/revisions\/8041"}],"wp:featuredmedia":[{"embeddable":true,"href":"https:\/\/www.protezionecivilecalabria.it\/index.php?rest_route=\/wp\/v2\/media\/7722"}],"wp:attachment":[{"href":"https:\/\/www.protezionecivilecalabria.it\/index.php?rest_route=%2Fwp%2Fv2%2Fmedia&parent=7934"}],"wp:term":[{"taxonomy":"category","embeddable":true,"href":"https:\/\/www.protezionecivilecalabria.it\/index.php?rest_route=%2Fwp%2Fv2%2Fcategories&post=7934"},{"taxonomy":"post_tag","embeddable":true,"href":"https:\/\/www.protezionecivilecalabria.it\/index.php?rest_route=%2Fwp%2Fv2%2Ftags&post=7934"}],"curies":[{"name":"wp","href":"https:\/\/api.w.org\/{rel}","templated":true}]}}