{"id":8941,"date":"2023-06-23T12:15:26","date_gmt":"2023-06-23T10:15:26","guid":{"rendered":"https:\/\/www.protezionecivilecalabria.it\/?p=8941"},"modified":"2023-06-23T12:29:54","modified_gmt":"2023-06-23T10:29:54","slug":"al-via-it-alert-il-sistema-di-allarme-pubblico-per-le-emergenze-in-calabria-il-test-e-previsto-venerdi-7-luglio-alle-ore-12","status":"publish","type":"post","link":"https:\/\/www.protezionecivilecalabria.it\/?p=8941","title":{"rendered":"Al via It-alert, il sistema di allarme pubblico per le emergenze: in Calabria il test \u00e8 previsto venerd\u00ec 7 luglio alle ore 12"},"content":{"rendered":"\n<p data-block-type=\"core\">La Calabria \u00e8 Regione capofila, insieme a Sicilia, Toscana, Sardegna ed Emilia-Romagna, nella sperimentazione organizzata dal dipartimento nazionale di Protezione Civile di It-alert: il nuovo sistema di allarme pubblico che servir\u00e0 ad avvertire la popolazione di una determinata area geografica di un\u2019emergenza climatica in arrivo o una catastrofe naturale in corso.<\/p>\n\n\n\n<div class=\"wp-block-image\" data-block-type=\"core\"><figure class=\"alignleft size-large is-resized\"><img loading=\"lazy\" src=\"https:\/\/www.protezionecivilecalabria.it\/\/wp-content\/uploads\/Locandina-Calabria-724x1024.jpg\" alt=\"\" class=\"wp-image-8961\" width=\"436\" height=\"615\"\/><\/figure><\/div>\n\n\n\n<p data-block-type=\"core\">I primi test regionali di invio del messaggio, le cui modalit\u00e0 sono state esposte durante una conferenza stampa dal ministro per la Protezione Civile e Politiche del Mare Nello Musumeci, insieme con il capo del Dipartimento della Protezione Civile Fabrizio Curcio, verranno svolti a partire dal 28 giugno in Toscana, il 30 in Sardegna, il 5 luglio in Sicilia, il 7 luglio in Calabria e il 10 luglio in Emilia-Romagna. Le date sono state definite con le Regioni, la Commissione protezione civile della Conferenza delle Regioni, Province Autonome e l&#8217;Anci. Entro la fine del 2023 verranno effettuati i test nelle altre Regioni e nelle Province Autonome di Bolzano e Trento.<\/p>\n\n\n\n<p data-block-type=\"core\">Questo sistema di allarme pubblico, che nel nostro Paese sar\u00e0 operativo dal 2024, dopo che sar\u00e0 conclusa la fase di sperimentazione in tutte le regioni italiane, \u00e8 previsto dalla Direttiva UE 2018\/1972 del Parlamento europeo e del Consiglio dell&#8217;11 dicembre 2018, che ha istituito il codice europeo delle comunicazioni elettroniche in caso di gravi emergenze e catastrofi imminenti.<\/p>\n\n\n\n<p data-block-type=\"core\">In Calabria, il test di sperimentazione del sistema It-alert, avverr\u00e0 dunque venerd\u00ec 7 luglio alle ore 12.&nbsp; In quel momento sui telefoni cellulari di tutte le persone che si trovano, anche in transito, sul territorio calabrese sar\u00e0 inviato il seguente messaggio: \u201cQuesto \u00e8 un messaggio di test del sistema di allarme pubblico italiano. Una volta operativo ti avviser\u00e0 in caso di grave emergenza. Per informazioni vai sul sito www.it-alert.it e compila il questionario\u201d. Quest\u2019ultimo, come sperimentato nelle esercitazioni del 2022 durante le quali \u00e8 stato testato il sistema It-alert, \u00e8 un form, accessibile dall\u2019home page del sito It-alert, per raccogliere i feedback dei cittadini utili a implementare il sistema.<\/p>\n\n\n\n<p data-block-type=\"core\">Si stima che il messaggio di test sar\u00e0 ricevuto all\u2019orario e nel giorno stabilito (venerd\u00ec 7 luglio alle ore 12) da circa due milioni di utenze telefoniche presenti sul territorio calabrese. Risulter\u00e0 molto impattante sia sul piano visivo che sonoro e potrebbe comportare, per un breve lasso di tempo, il blocco delle attivit\u00e0 e delle funzionalit\u00e0 degli smartphone. Per chi in quel momento si trovasse alla guida di un mezzo stradale, si ricorda che \u00e8 vietata qualsiasi azione che implichi l\u2019utilizzo fisico del telefono quando il veicolo \u00e8 in marcia. \u00c8 comunque possibile disattivare precedentemente, a seconda della tipologia degli smartphone, le notifiche relative a It-alert seguendo alcuni passaggi indicati nelle impostazioni del telefono cellulare. Il messaggio potrebbe non arrivare nel caso in cui sia impostata la suoneria silenziosa o se i telefoni sono spenti o privi di campo.<\/p>\n\n\n\n<p data-block-type=\"core\">Il nuovo sistema It-alert, che andr\u00e0 ad integrare le modalit\u00e0 di comunicazione gi\u00e0 previste per informare la popolazione, \u00e8 stato sviluppato dalla Protezione civile con l\u2019obiettivo di favorire l\u2019adozione dei comportamenti necessari a minimizzare l\u2019esposizione individuale e collettiva in caso di pericolo.&nbsp; Nasce dunque per&nbsp; coprire &#8220;l&#8217;ultimo miglio&#8221; dell&#8217;informazione in ambito di protezione civile e raggiungere i cittadini potenzialmente interessati da una situazione di emergenza.<\/p>\n\n\n\n<p data-block-type=\"core\">Esso consente ai fornitori dei servizi mobili di comunicazione interpersonale basati sul numero telefonico, di diffondere allarmi pubblici agli utenti finali interessati, attraverso la trasmissione di messaggi denominati appunto \u201cMessaggi It-alert\u201d.<\/p>\n\n\n\n<p data-block-type=\"core\">Trattandosi di un&#8217;informazione inviata esclusivamente alle persone potenzialmente coinvolte dall&#8217;emergenza, rappresenta di fatto una Call To Action, una sorta di attivazione civile che consente ai cittadini di tutelare s\u00e9 stessi e gli altri, assumendo un ruolo sempre pi\u00f9 attivo e consapevole di autoprotezione.<\/p>\n\n\n\n<p data-block-type=\"core\">Ogni dispositivo mobile connesso alle celle delle reti degli operatori di telefonia mobile pu\u00f3 ricevere un messaggio &#8220;It-alert&#8221;. Grazie alla tecnologia Cell-broadcast (letteralmente, trasmissione di cella) i messaggi IT-alert possono essere inviati all&#8217;interno di un gruppo di celle telefoniche geograficamente vicine, capaci di delimitare un&#8217;area il pi\u00f9 possibile corrispondente a quella interessata dall&#8217;emergenza.<\/p>\n\n\n\n<p data-block-type=\"core\">\u201cLa Calabria \u2013 ha dichiarato il direttore generale della protezione civile, Domenico Costarella &#8211; \u00e8 stata la prima Regione che si \u00e8 resa protagonista in ambito nazionale della sperimentazione del test di It-alert in occasione dell\u2019esercitazione \u201cSisma dello Stretto 2022\u201d che si \u00e8 svolta &#8211; dal 4 al 6 novembre 2022- tra Calabria e Sicilia. Lo scenario operativo ha visto la simulazione di un terremoto di magnitudo 6 con un significativo livello di impatto su abitazioni e popolazione.<\/p>\n\n\n\n<p data-block-type=\"core\">Si \u00e8 trattato della pi\u00f9 grande esercitazione antisismica della storia d\u2019Italia e ha coinvolto pi\u00f9 di 500mila persone che si trovavano nello stesso momento nell\u2019area dello Stretto di Messina, tra le province di Reggio Calabria e Messina.<\/p>\n\n\n\n<p data-block-type=\"core\">La protezione civile calabrese vuole essere all\u2019avanguardia nello sviluppo dei processi di allerta verso i cittadini perch\u00e9, come sottolinea il presidente della Regione Calabria, Roberto Occhiuto, il nostro \u00e8 un territorio estremamente esposto dal punto di vista idrogeologico ma anche sotto l\u2019aspetto del rischio sismico. Per questo \u00e8 fondamentale lavorare costantemente sulla prevenzione e sui piani di emergenza. In vista della sperimentazione del nuovo sistema It-alert, del prossimo 7 luglio, alle ore 12, chiediamo dunque alla popolazione calabrese di collaborare il pi\u00f9 possibile, assumendo un ruolo maggiormente attivo e consapevole di autoprotezione\u201d.<\/p>\n","protected":false},"excerpt":{"rendered":"<p>La Calabria \u00e8 Regione capofila, insieme a Sicilia, Toscana, Sardegna ed Emilia-Romagna, nella sperimentazione organizzata dal dipartimento nazionale di Protezione Civile di It-alert: il nuovo sistema di allarme pubblico che servir\u00e0 ad avvertire la popolazione di una determinata area geografica di un\u2019emergenza climatica in arrivo o una catastrofe naturale in corso.<\/p>\n","protected":false},"author":3,"featured_media":8945,"comment_status":"closed","ping_status":"closed","sticky":false,"template":"","format":"standard","meta":{"_EventAllDay":false,"_EventTimezone":"","_EventStartDate":"","_EventEndDate":"","_EventStartDateUTC":"","_EventEndDateUTC":"","_EventShowMap":false,"_EventShowMapLink":false,"_EventURL":"","_EventCost":"","_EventCostDescription":"","_EventCurrencySymbol":"","_EventCurrencyCode":"","_EventCurrencyPosition":"","_EventDateTimeSeparator":"","_EventTimeRangeSeparator":"","_EventOrganizerID":[],"_EventVenueID":0,"_OrganizerEmail":"","_OrganizerPhone":"","_OrganizerWebsite":"","_VenueAddress":"","_VenueCity":"","_VenueCountry":"","_VenueProvince":"","_VenueZip":"","_VenuePhone":"","_VenueURL":"","_VenueStateProvince":"","_VenueLat":"","_VenueLng":"","_price":"","_stock":"","_tribe_ticket_header":"","_tribe_default_ticket_provider":"","_tribe_ticket_capacity":"0","_ticket_start_date":"","_ticket_end_date":"","_tribe_ticket_show_description":"","_tribe_ticket_show_not_going":false,"_tribe_ticket_use_global_stock":"","_tribe_ticket_global_stock_level":"","_global_stock_mode":"","_global_stock_cap":"","_tribe_rsvp_for_event":"","_tribe_ticket_going_count":"","_tribe_ticket_not_going_count":"","_tribe_tickets_list":[],"_tribe_ticket_has_attendee_info_fields":false},"categories":[81,4],"tags":[],"featured_image_urls":{"full":["https:\/\/www.protezionecivilecalabria.it\/\/wp-content\/uploads\/Post-singolo-Calabria-scaled.jpg",2560,2560,false],"thumbnail":["https:\/\/www.protezionecivilecalabria.it\/\/wp-content\/uploads\/Post-singolo-Calabria-150x150.jpg",150,150,true],"medium":["https:\/\/www.protezionecivilecalabria.it\/\/wp-content\/uploads\/Post-singolo-Calabria-300x300.jpg",300,300,true],"medium_large":["https:\/\/www.protezionecivilecalabria.it\/\/wp-content\/uploads\/Post-singolo-Calabria-768x768.jpg",768,768,true],"large":["https:\/\/www.protezionecivilecalabria.it\/\/wp-content\/uploads\/Post-singolo-Calabria-1024x1024.jpg",1024,1024,true],"1536x1536":["https:\/\/www.protezionecivilecalabria.it\/\/wp-content\/uploads\/Post-singolo-Calabria-1536x1536.jpg",1536,1536,true],"2048x2048":["https:\/\/www.protezionecivilecalabria.it\/\/wp-content\/uploads\/Post-singolo-Calabria-2048x2048.jpg",2048,2048,true],"post-thumbnails":["https:\/\/www.protezionecivilecalabria.it\/\/wp-content\/uploads\/Post-singolo-Calabria-512x512.jpg",512,512,true],"news-image":["https:\/\/www.protezionecivilecalabria.it\/\/wp-content\/uploads\/Post-singolo-Calabria-400x220.jpg",400,220,true],"gallery-preview":["https:\/\/www.protezionecivilecalabria.it\/\/wp-content\/uploads\/Post-singolo-Calabria-80x80.jpg",80,80,true],"shareaholic-thumbnail":["https:\/\/www.protezionecivilecalabria.it\/\/wp-content\/uploads\/Post-singolo-Calabria-640x640.jpg",640,640,true],"tptn_thumbnail":["https:\/\/www.protezionecivilecalabria.it\/\/wp-content\/uploads\/Post-singolo-Calabria-75x60.jpg",75,60,true]},"post_excerpt_stackable":"<p>La Calabria \u00e8 Regione capofila, insieme a Sicilia, Toscana, Sardegna ed Emilia-Romagna, nella sperimentazione organizzata dal dipartimento nazionale di Protezione Civile di It-alert: il nuovo sistema di allarme pubblico che servir\u00e0 ad avvertire la popolazione di una determinata area geografica di un\u2019emergenza climatica in arrivo o una catastrofe naturale in corso. I primi test regionali di invio del messaggio, le cui modalit\u00e0 sono state esposte durante una conferenza stampa dal ministro per la Protezione Civile e Politiche del Mare Nello Musumeci, insieme con il capo del Dipartimento della Protezione Civile Fabrizio Curcio, verranno svolti a partire dal 28 giugno in&hellip;<\/p>\n","category_list":"<a href=\"https:\/\/www.protezionecivilecalabria.it\/?cat=81\" rel=\"category\">PRIMO PIANO<\/a>, <a href=\"https:\/\/www.protezionecivilecalabria.it\/?cat=4\" rel=\"category\">Ultime notizie<\/a>","author_info":{"name":"Protezione Civile Calabria","url":"https:\/\/www.protezionecivilecalabria.it\/?author=3"},"comments_num":"0 comments","ticketed":false,"_links":{"self":[{"href":"https:\/\/www.protezionecivilecalabria.it\/index.php?rest_route=\/wp\/v2\/posts\/8941"}],"collection":[{"href":"https:\/\/www.protezionecivilecalabria.it\/index.php?rest_route=\/wp\/v2\/posts"}],"about":[{"href":"https:\/\/www.protezionecivilecalabria.it\/index.php?rest_route=\/wp\/v2\/types\/post"}],"author":[{"embeddable":true,"href":"https:\/\/www.protezionecivilecalabria.it\/index.php?rest_route=\/wp\/v2\/users\/3"}],"replies":[{"embeddable":true,"href":"https:\/\/www.protezionecivilecalabria.it\/index.php?rest_route=%2Fwp%2Fv2%2Fcomments&post=8941"}],"version-history":[{"count":4,"href":"https:\/\/www.protezionecivilecalabria.it\/index.php?rest_route=\/wp\/v2\/posts\/8941\/revisions"}],"predecessor-version":[{"id":8977,"href":"https:\/\/www.protezionecivilecalabria.it\/index.php?rest_route=\/wp\/v2\/posts\/8941\/revisions\/8977"}],"wp:featuredmedia":[{"embeddable":true,"href":"https:\/\/www.protezionecivilecalabria.it\/index.php?rest_route=\/wp\/v2\/media\/8945"}],"wp:attachment":[{"href":"https:\/\/www.protezionecivilecalabria.it\/index.php?rest_route=%2Fwp%2Fv2%2Fmedia&parent=8941"}],"wp:term":[{"taxonomy":"category","embeddable":true,"href":"https:\/\/www.protezionecivilecalabria.it\/index.php?rest_route=%2Fwp%2Fv2%2Fcategories&post=8941"},{"taxonomy":"post_tag","embeddable":true,"href":"https:\/\/www.protezionecivilecalabria.it\/index.php?rest_route=%2Fwp%2Fv2%2Ftags&post=8941"}],"curies":[{"name":"wp","href":"https:\/\/api.w.org\/{rel}","templated":true}]}}